{"id":665,"date":"2022-09-27T08:45:04","date_gmt":"2022-09-27T06:45:04","guid":{"rendered":"http:\/\/www.judosakurabraine.be\/?p=665"},"modified":"2022-09-27T08:45:22","modified_gmt":"2022-09-27T06:45:22","slug":"judo-ce-mardi-27-septembre","status":"publish","type":"post","link":"https:\/\/www.judosakurabraine.be\/index.php\/2022\/09\/27\/judo-ce-mardi-27-septembre\/","title":{"rendered":"Judo ce mardi 27 septembre"},"content":{"rendered":"<p>Bonjour.<\/p>\n<p>Ce petit message pour bien te confirmer comme annonc\u00e9 la semaine derni\u00e8re qu&rsquo;il y aura bien entra\u00eenement pour les +12 ans ce mardi 27 septembre.<\/p>\n<p>A ce soir 19h.<\/p>\n<p>Didier Saublen<\/p>\n","protected":false},"excerpt":{"rendered":"<p>Bonjour. Ce petit message pour bien te confirmer comme annonc\u00e9 la semaine derni\u00e8re qu&rsquo;il y aura bien entra\u00eenement pour les +12 ans ce mardi 27 septembre. A ce soir 19h. [&hellip;]<\/p>\n","protected":false},"author":3,"featured_media":0,"comment_status":"open","ping_status":"open","sticky":false,"template":"","format":"standard","meta":{"footnotes":""},"categories":[1],"tags":[],"class_list":["post-665","post","type-post","status-publish","format-standard","hentry","category-non-classe"],"_links":{"self":[{"href":"https:\/\/www.judosakurabraine.be\/index.php\/wp-json\/wp\/v2\/posts\/665","targetHints":{"allow":["GET"]}}],"collection":[{"href":"https:\/\/www.judosakurabraine.be\/index.php\/wp-json\/wp\/v2\/posts"}],"about":[{"href":"https:\/\/www.judosakurabraine.be\/index.php\/wp-json\/wp\/v2\/types\/post"}],"author":[{"embeddable":true,"href":"https:\/\/www.judosakurabraine.be\/index.php\/wp-json\/wp\/v2\/users\/3"}],"replies":[{"embeddable":true,"href":"https:\/\/www.judosakurabraine.be\/index.php\/wp-json\/wp\/v2\/comments?post=665"}],"version-history":[{"count":1,"href":"https:\/\/www.judosakurabraine.be\/index.php\/wp-json\/wp\/v2\/posts\/665\/revisions"}],"predecessor-version":[{"id":666,"href":"https:\/\/www.judosakurabraine.be\/index.php\/wp-json\/wp\/v2\/posts\/665\/revisions\/666"}],"wp:attachment":[{"href":"https:\/\/www.judosakurabraine.be\/index.php\/wp-json\/wp\/v2\/media?parent=665"}],"wp:term":[{"taxonomy":"category","embeddable":true,"href":"https:\/\/www.judosakurabraine.be\/index.php\/wp-json\/wp\/v2\/categories?post=665"},{"taxonomy":"post_tag","embeddable":true,"href":"https:\/\/www.judosakurabraine.be\/index.php\/wp-json\/wp\/v2\/tags?post=665"}],"curies":[{"name":"wp","href":"https:\/\/api.w.org\/{rel}","templated":true}]}}