{"id":597,"date":"2021-12-04T12:27:45","date_gmt":"2021-12-04T11:27:45","guid":{"rendered":"http:\/\/www.judosakurabraine.be\/?p=597"},"modified":"2021-12-04T12:27:46","modified_gmt":"2021-12-04T11:27:46","slug":"codeco-de-vendredi-3-decembre-2021-et-le-judo","status":"publish","type":"post","link":"https:\/\/www.judosakurabraine.be\/index.php\/2021\/12\/04\/codeco-de-vendredi-3-decembre-2021-et-le-judo\/","title":{"rendered":"CoDeCo de vendredi 3 d\u00e9cembre 2021 et le judo"},"content":{"rendered":"\n<p>Bonjour \u00e0 toutes et \u00e0 tous, <br><br>Nous l&rsquo;avons \u00e9chapp\u00e9 belle lors du CoDeCo d&rsquo;hier, vendredi 3 d\u00e9cembre.  Pour un peu, on refermait les sports de contact. <br>Nous pouvons continuer avec les m\u00eames mesures prises lors du CoDECo pr\u00e9c\u00e9dent mis \u00e0 part le port du masque qui devient obligatoire \u00e0 partir de 6 ans. <br>Pour r\u00e9sumer les mesures : <br>&#8211; d\u00e9sinfection des mains en entrant dans la caf\u00e9t\u00e9ria (au sakura), \u00e0 l&rsquo;entr\u00e9e du centre sportif Gaston Reiff ou \u00e0 l&rsquo;entr\u00e9e du centre sportif CCM<br>&#8211; port du masque pour toutes et tous \u00e0 partir de 6 ans pour se d\u00e9placer dans les installations sportives.  Le port du masque n&rsquo;est pas obligatoire pour la pratique sportive. <br>&#8211; pendant l&rsquo;activit\u00e9, le masque se range dans une poche de son v\u00eatement, ou dans une chaussure afin qu&rsquo;il ne se m\u00e9lange pas avec les masques des autres. <br>&#8211; le CST est obligatoire \u00e0 partir de 16 ans pour tout le monde, pratiquant.e.s et parents sauf pour les parents qui ne restent pas et entrent seulement pour aider leur enfant aux vestiaires, ils ressortent ensuite et reviennent rechercher leur enfant \u00e0 la fin de l&rsquo;activit\u00e9. <br>&#8211; la caf\u00e9t\u00e9ria peut rester ouverte selon les normes Horeca : table de 6 max, port du masque pour se d\u00e9placer , consommation assis \u00e0 table ou au bar (pas debout)<br>&#8211; j&rsquo;esp\u00e8re ne rien avoir oubli\u00e9 !<br><br>Ces mesures sont de plus en plus contraignantes, j&rsquo;en suis conscient et beaucoup de personnes sont fatigu\u00e9s de ces mesures qui changent ou \u00e9voluent.  Nous devons, au niveau du club, nous aussi, nous adapter en permanence.  La continuit\u00e9 de la pratique sportive est \u00e0 ce prix et nous ne voulons pas refermer \u00e0 nouveau, nous ne voulons pas que vos enfants soient priv\u00e9s de judo, sport qu&rsquo;ils\/elles aiment tant. <br>Aussi, restons solidaires et courageux en respectant cette \u00e9ni\u00e8me modification de nos comportements et adaptons nous une nouvelle fois pour pouvoir continuer la pratique. <br>Je vous remercie, chacune et chacun, pour vos efforts et que le judo par le respect que sa discipline enseigne soit un exemple. <br>Je reste \u00e0 votre disposition pour toutes informations compl\u00e9mentaires. <br>Bien cordialement. <br>Sakurament v\u00f4tre. <br>Didier Saublen<br>Pr\u00e9sident JC Sakura Braine<\/p>\n","protected":false},"excerpt":{"rendered":"<p>Bonjour \u00e0 toutes et \u00e0 tous, Nous l&rsquo;avons \u00e9chapp\u00e9 belle lors du CoDeCo d&rsquo;hier, vendredi 3 d\u00e9cembre. Pour un peu, on refermait les sports de contact. Nous pouvons continuer avec [&hellip;]<\/p>\n","protected":false},"author":3,"featured_media":0,"comment_status":"open","ping_status":"open","sticky":false,"template":"","format":"standard","meta":{"footnotes":""},"categories":[1],"tags":[],"class_list":["post-597","post","type-post","status-publish","format-standard","hentry","category-non-classe"],"_links":{"self":[{"href":"https:\/\/www.judosakurabraine.be\/index.php\/wp-json\/wp\/v2\/posts\/597","targetHints":{"allow":["GET"]}}],"collection":[{"href":"https:\/\/www.judosakurabraine.be\/index.php\/wp-json\/wp\/v2\/posts"}],"about":[{"href":"https:\/\/www.judosakurabraine.be\/index.php\/wp-json\/wp\/v2\/types\/post"}],"author":[{"embeddable":true,"href":"https:\/\/www.judosakurabraine.be\/index.php\/wp-json\/wp\/v2\/users\/3"}],"replies":[{"embeddable":true,"href":"https:\/\/www.judosakurabraine.be\/index.php\/wp-json\/wp\/v2\/comments?post=597"}],"version-history":[{"count":2,"href":"https:\/\/www.judosakurabraine.be\/index.php\/wp-json\/wp\/v2\/posts\/597\/revisions"}],"predecessor-version":[{"id":600,"href":"https:\/\/www.judosakurabraine.be\/index.php\/wp-json\/wp\/v2\/posts\/597\/revisions\/600"}],"wp:attachment":[{"href":"https:\/\/www.judosakurabraine.be\/index.php\/wp-json\/wp\/v2\/media?parent=597"}],"wp:term":[{"taxonomy":"category","embeddable":true,"href":"https:\/\/www.judosakurabraine.be\/index.php\/wp-json\/wp\/v2\/categories?post=597"},{"taxonomy":"post_tag","embeddable":true,"href":"https:\/\/www.judosakurabraine.be\/index.php\/wp-json\/wp\/v2\/tags?post=597"}],"curies":[{"name":"wp","href":"https:\/\/api.w.org\/{rel}","templated":true}]}}