{"id":564,"date":"2021-09-20T20:42:46","date_gmt":"2021-09-20T18:42:46","guid":{"rendered":"http:\/\/www.judosakurabraine.be\/?p=564"},"modified":"2021-09-21T15:14:51","modified_gmt":"2021-09-21T13:14:51","slug":"soiree-souper-dansant-halloween","status":"publish","type":"post","link":"https:\/\/www.judosakurabraine.be\/index.php\/2021\/09\/20\/soiree-souper-dansant-halloween\/","title":{"rendered":"Soir\u00e9e souper dansant Halloween"},"content":{"rendered":"\n<p><strong><em>Samedi 23 octobre \u00e0 partir de 18h sur le site du Blanc Caillou<\/em><\/strong><\/p>\n\n\n\n<p><\/p>\n\n\n\n<p>Bonjour, bonsoir ch\u00e8res amies et chers amis du Judo Sakura Braine.<br><br>Nous voyons poindre \u00e0 l&rsquo;horizon la possibilit\u00e9 des reprises d&rsquo;activit\u00e9 et nous avons pr\u00e9vu de commencer de nous revoir en dehors des tatamis avec une toute nouvelle activit\u00e9 qui vous plaira, nous l&rsquo;esp\u00e9rons de tout c\u0153ur. <br><br>Un souper dansant costum\u00e9 juste au moment o\u00f9 les f\u00eates d&rsquo;Halloween pointent leur nez. <br><br>Mais qu&rsquo;on se rassure de suite, car la participation costum\u00e9e n&rsquo;est pas obligatoire du tout mais juste vivement souhait\u00e9e surtout si tu envisages de gagner un des prix pour les meilleurs d\u00e9guisements -14ans \/ + 14 ans. <br><br>Nouveau aussi: le concours de dessert .   En effet, un concours de dessert pour 8 personnes sera organis\u00e9 et un prix r\u00e9compensera la plus belle et savoureuse r\u00e9alisation.  Il faut \u00e9videmment s&rsquo;y inscrire car ces desserts feront partie du menu de Halloween.  Cela nous aidera \u00e9videmment grandement dans notre budget par la m\u00eame occasion, tu l&rsquo;auras compris &#x1f61c;<br><br>Une occasion de se revoir et f\u00eater ensemble la reprise de judo dans l&rsquo;ambiance festive et conviviale habituelle. <br><br>En pi\u00e8ce jointe l&rsquo;affiche pour bloquer la date et le menu ainsi que la r\u00e9servation suivra. <\/p>\n\n\n\n<p><strong><em>Samedi 23 octobre \u00e0 partir de 18h sur le site du Blanc Caillou<\/em><\/strong><\/p>\n\n\n\n<p><br>Dans l&rsquo;attente du plaisir de se retrouver enfin, je te remercie d&rsquo;avoir pr\u00eater attention \u00e0 la pr\u00e9sente et de r\u00e9server cette date et participation pour nous aider apr\u00e8s cette p\u00e9riode vraiment compliqu\u00e9e. <br><br>Bien amicalement<br>Didier Saublen <br>Pr\u00e9sident Judo Club Sakura Braine<\/p>\n\n\n\n<p><\/p>\n\n\n\n<figure class=\"wp-block-image size-large is-resized\"><img loading=\"lazy\" decoding=\"async\" src=\"https:\/\/www.judosakurabraine.be\/wp-content\/uploads\/2021\/09\/SoireeCostumeeAffiche2021_bw-1-1024x1024.jpg\" alt=\"\" class=\"wp-image-574\" width=\"803\" height=\"803\" srcset=\"https:\/\/www.judosakurabraine.be\/wp-content\/uploads\/2021\/09\/SoireeCostumeeAffiche2021_bw-1-1024x1024.jpg 1024w, https:\/\/www.judosakurabraine.be\/wp-content\/uploads\/2021\/09\/SoireeCostumeeAffiche2021_bw-1-300x300.jpg 300w, https:\/\/www.judosakurabraine.be\/wp-content\/uploads\/2021\/09\/SoireeCostumeeAffiche2021_bw-1-150x150.jpg 150w, https:\/\/www.judosakurabraine.be\/wp-content\/uploads\/2021\/09\/SoireeCostumeeAffiche2021_bw-1-1536x1536.jpg 1536w, https:\/\/www.judosakurabraine.be\/wp-content\/uploads\/2021\/09\/SoireeCostumeeAffiche2021_bw-1-2048x2048.jpg 2048w\" sizes=\"auto, (max-width: 803px) 100vw, 803px\" \/><\/figure>\n\n\n\n<p><\/p>\n\n\n\n<p><\/p>\n","protected":false},"excerpt":{"rendered":"<p>Samedi 23 octobre \u00e0 partir de 18h sur le site du Blanc Caillou Bonjour, bonsoir ch\u00e8res amies et chers amis du Judo Sakura Braine. Nous voyons poindre \u00e0 l&rsquo;horizon la [&hellip;]<\/p>\n","protected":false},"author":3,"featured_media":0,"comment_status":"open","ping_status":"open","sticky":false,"template":"","format":"standard","meta":{"footnotes":""},"categories":[1],"tags":[],"class_list":["post-564","post","type-post","status-publish","format-standard","hentry","category-non-classe"],"_links":{"self":[{"href":"https:\/\/www.judosakurabraine.be\/index.php\/wp-json\/wp\/v2\/posts\/564","targetHints":{"allow":["GET"]}}],"collection":[{"href":"https:\/\/www.judosakurabraine.be\/index.php\/wp-json\/wp\/v2\/posts"}],"about":[{"href":"https:\/\/www.judosakurabraine.be\/index.php\/wp-json\/wp\/v2\/types\/post"}],"author":[{"embeddable":true,"href":"https:\/\/www.judosakurabraine.be\/index.php\/wp-json\/wp\/v2\/users\/3"}],"replies":[{"embeddable":true,"href":"https:\/\/www.judosakurabraine.be\/index.php\/wp-json\/wp\/v2\/comments?post=564"}],"version-history":[{"count":6,"href":"https:\/\/www.judosakurabraine.be\/index.php\/wp-json\/wp\/v2\/posts\/564\/revisions"}],"predecessor-version":[{"id":575,"href":"https:\/\/www.judosakurabraine.be\/index.php\/wp-json\/wp\/v2\/posts\/564\/revisions\/575"}],"wp:attachment":[{"href":"https:\/\/www.judosakurabraine.be\/index.php\/wp-json\/wp\/v2\/media?parent=564"}],"wp:term":[{"taxonomy":"category","embeddable":true,"href":"https:\/\/www.judosakurabraine.be\/index.php\/wp-json\/wp\/v2\/categories?post=564"},{"taxonomy":"post_tag","embeddable":true,"href":"https:\/\/www.judosakurabraine.be\/index.php\/wp-json\/wp\/v2\/tags?post=564"}],"curies":[{"name":"wp","href":"https:\/\/api.w.org\/{rel}","templated":true}]}}