{"id":519,"date":"2020-12-19T11:25:53","date_gmt":"2020-12-19T10:25:53","guid":{"rendered":"http:\/\/www.judosakurabraine.be\/?p=519"},"modified":"2020-12-19T11:25:54","modified_gmt":"2020-12-19T10:25:54","slug":"judo-pendant-les-vacances-de-noel","status":"publish","type":"post","link":"https:\/\/www.judosakurabraine.be\/index.php\/2020\/12\/19\/judo-pendant-les-vacances-de-noel\/","title":{"rendered":"JUDO PENDANT LES VACANCES DE NO\u00cbL"},"content":{"rendered":"<p>Chers judokas, chers parents,<br \/>\nLa Commission nationale de concertation de ce vendredi n&rsquo;a pas d\u00e9cid\u00e9 de changer&nbsp; les normes actuelles (pour nous sportifs) si ce n&rsquo;est un durcissement des mesures d\u00e9j\u00e0 prises.<br \/>\nAussi, nous ne pourrons toujours pas faire de judo pour les&nbsp;+12 ans jusqu&rsquo;\u00e0 nouvel ordre&nbsp;(peut-\u00eatre 15 janvier ???) mais nous pourrons continuer pour les judokas n\u00e9s en 2008 et apr\u00e8s.<br \/>\nDurant les vacances de No\u00ebl, nous organiserons donc les cours suivants en respectant toutes les mesures de pr\u00e9caution connues et r\u00e9p\u00e9t\u00e9es souvent :<br \/>\n&#8211; mercredi 23\/12 cours 1 pour les 6 \u00e0 10ans de 17h \u00e0 18h<br \/>\nATTENTION : le cours 2 pour les&nbsp;+10 ans jusqu&rsquo;\u00e0 2008 soit donc 2008\/2009\/2010 est supprim\u00e9 ce jour !!!<br \/>\n&#8211; mercredi 30\/12 cours 1 pour les 6 \u00e0 10 ans de 17h \u00e0 18h et&nbsp;&nbsp; &nbsp;cours 2 pour les 2008\/2009\/2010 de 18h15 \u00e0 19h15 (respectez bien ces 15 minutes de diff\u00e9rence afin que les 2 groupes de judokas ne se croisent pas ) !!!<br \/>\nEn attendant le plaisir de se revoir, je vous souhaite de belles f\u00eates de fin d&rsquo;ann\u00e9e.<br \/>\nRestons toutes et tous prudents durant ces f\u00eates m\u00eame si la tentation est forte.<br \/>\nNous devons \u00eatre encore plus forts que d&rsquo;habitude et ne pas se r\u00e9unir en grand nombre afin de limiter cette propagation et \u00e9viter la 3\u00e8me vague qui nous guette (1personne en plus que le milieu familial habituel).<br \/>\nCe ne sera pas une fin d&rsquo;ann\u00e9e habituelle, l&rsquo;ann\u00e9e enti\u00e8re ne l&rsquo;a d&rsquo;ailleurs pas \u00e9t\u00e9, nous le savons bien.<br \/>\nSoyons raisonnables et responsables, nous pourrons ainsi \u00e9viter bon nombre de morts par notre respect des mesures, permettre la reprise d&rsquo;une vie \u00ab\u00a0normale\u00a0\u00bb et rouvrir notre tatami aux&nbsp;+12 ans qui tr\u00e9pignent d&rsquo;impatience \u00e0 reprendre le judo. J&rsquo;aurai une belle surprise pour eux qui viendra en photo d&rsquo;ici peu \ud83d\ude09<br \/>\nChacun \u00e0 son niveau a un petit r\u00f4le \u00e0 jouer.<br \/>\nJudokatement v\u00f4tre<br \/>\nDidier Saublen<\/p>\n","protected":false},"excerpt":{"rendered":"<p>Chers judokas, chers parents, La Commission nationale de concertation de ce vendredi n&rsquo;a pas d\u00e9cid\u00e9 de changer&nbsp; les normes actuelles (pour nous sportifs) si ce n&rsquo;est un durcissement des mesures [&hellip;]<\/p>\n","protected":false},"author":3,"featured_media":0,"comment_status":"open","ping_status":"open","sticky":false,"template":"","format":"standard","meta":{"footnotes":""},"categories":[1],"tags":[],"class_list":["post-519","post","type-post","status-publish","format-standard","hentry","category-non-classe"],"_links":{"self":[{"href":"https:\/\/www.judosakurabraine.be\/index.php\/wp-json\/wp\/v2\/posts\/519","targetHints":{"allow":["GET"]}}],"collection":[{"href":"https:\/\/www.judosakurabraine.be\/index.php\/wp-json\/wp\/v2\/posts"}],"about":[{"href":"https:\/\/www.judosakurabraine.be\/index.php\/wp-json\/wp\/v2\/types\/post"}],"author":[{"embeddable":true,"href":"https:\/\/www.judosakurabraine.be\/index.php\/wp-json\/wp\/v2\/users\/3"}],"replies":[{"embeddable":true,"href":"https:\/\/www.judosakurabraine.be\/index.php\/wp-json\/wp\/v2\/comments?post=519"}],"version-history":[{"count":2,"href":"https:\/\/www.judosakurabraine.be\/index.php\/wp-json\/wp\/v2\/posts\/519\/revisions"}],"predecessor-version":[{"id":522,"href":"https:\/\/www.judosakurabraine.be\/index.php\/wp-json\/wp\/v2\/posts\/519\/revisions\/522"}],"wp:attachment":[{"href":"https:\/\/www.judosakurabraine.be\/index.php\/wp-json\/wp\/v2\/media?parent=519"}],"wp:term":[{"taxonomy":"category","embeddable":true,"href":"https:\/\/www.judosakurabraine.be\/index.php\/wp-json\/wp\/v2\/categories?post=519"},{"taxonomy":"post_tag","embeddable":true,"href":"https:\/\/www.judosakurabraine.be\/index.php\/wp-json\/wp\/v2\/tags?post=519"}],"curies":[{"name":"wp","href":"https:\/\/api.w.org\/{rel}","templated":true}]}}