{"id":496,"date":"2020-09-01T09:19:33","date_gmt":"2020-09-01T07:19:33","guid":{"rendered":"http:\/\/www.judosakurabraine.be\/?p=496"},"modified":"2020-09-01T09:19:35","modified_gmt":"2020-09-01T07:19:35","slug":"reprise-du-judo-ce-1-septembre","status":"publish","type":"post","link":"https:\/\/www.judosakurabraine.be\/index.php\/2020\/09\/01\/reprise-du-judo-ce-1-septembre\/","title":{"rendered":"Reprise du judo ce 1\u00b0 septembre"},"content":{"rendered":"<p>Bonjour \u00e0 toutes et \u00e0 tous.<\/p>\n<p>Comme chaque ann\u00e9e nous reprenons nos activit\u00e9s d\u00e8s le 1\u00b0 septembre.  Nous reprenons donc avec les +14 ans ce mardi et mercredi 2 septembre pour les autres. Le baby judo reprendra lundi 7 septembre. ATTENTION QUE LE NOUVEAU COURS AU COLL\u00c8GE CARDINAL MERCIER NE COMMENCERA QUE LE JEUDI 7 SEPTEMBRE POUR LES 6 \u00e0 12 ANS de 17 \u00e0 18h ET UNIQUEMENT SUR INSCRIPTION CAR LES PLACES SONT LIMIT\u00c9ES, LE DOJO ETANT PETIT !!!<br \/>\nLes places dans la caf\u00e9t\u00e9ria du club sont limit\u00e9es \u00e9galement au nombre de chaises (norme Horeca) soit 12 places assises et pas de place au bar sauf pour la commande de vos boissons.<br \/>\nBelle rentr\u00e9e \u00e0 toutes et \u00e0 tous.<\/p>\n<p>INFORMATIONS PRATIQUES<\/p>\n<p>SAISON 2020 \u2013 2021<\/p>\n<p>Directeur technique : Didier SAUBLEN, 7\u00b0 Dan, Licenci\u00e9 en Education Physique,<br \/>\nAgr\u00e9g\u00e9 ESS, moniteur ADEPS et post moniteur MCP.<\/p>\n<p>Professeurs et assistants :<br \/>\nVal\u00e9rie Degrijse, 1\u00b0 Dan, R\u00e9gente en \u00e9ducation physique,<br \/>\nChampionne de Belgique, Championne d\u2019Europe et du Monde Master, ex-internationale.<br \/>\nVanessa Detiste, 1\u00b0 Dan, moniteur-initiateur ADEPS, arbitre provinciale. Responsable du cours psychomotricit\u00e9.<br \/>\nMarc Bourguignon, 1\u00b0Dan, R\u00e9gent en \u00e9ducation physique.<br \/>\nChristophe Meert, 1\u00b0 Dan, moniteur-initiateur ADEPS<br \/>\nChampion de Belgique, Vice-Champion d\u2019Europe Master ex-international.<br \/>\nRen\u00e9 Meert, 1\u00b0 Dan, moniteur-initiateur ADEPS, arbitre provincial.<br \/>\nDidier Vilain, 1\u00b0 kyu, arbitre provincial.<\/p>\n<p>Pr\u00e9sident : Didier Saublen t\u00e9l. : 0477 406 817<br \/>\nSecr\u00e9taire : Michel Arcq t\u00e9l. : 0495 892 650<br \/>\nTr\u00e9sori\u00e8re : Muriel Raquet t\u00e9l. : 0477 964 714<\/p>\n<p>Horaires :<\/p>\n<p>Lundi de 16h45 \u00e0 17h30 : Psychomotricit\u00e9 judo 4 et 5 ans \/ Baby Judo au stade Gaston Reiff<\/p>\n<p>Mardi de 19h00 \u00e0 20h30 pour + 14 ans au dojo rue de la Gare, 76<\/p>\n<p>Mercredi au dojo rue de la Gare, 76<br \/>\n*17h00 \u00e0 18h00 de 6 \u00e0 10 ans<br \/>\n18h00 \u00e0 19h00 de 10 \u00e0 14 ans<br \/>\n19h00 \u00e0 20h30 Cours kata et technique<br \/>\n+ V\u00e9t\u00e9rans 35 ans minimum<br \/>\nJeudi de 17h \u00e0 18h00 (au Coll\u00e8ge Cardinal Mercier, chauss\u00e9e de Mont Saint Jean, 83 \/ groupe de 6 \u00e0 12ans)<\/p>\n<p>Vendredi au dojo rue de la Gare, 76<br \/>\n*18h00 \u00e0 19h00 de 6 \u00e0 10 ans<br \/>\n19h00 \u00e0 20h00 de 10 \u00e0 14 ans<br \/>\n20h00 \u00e0 21h30 + 14 ans<\/p>\n<p>* Ce cours pourrait \u00eatre d\u00e9doubl\u00e9 en fonction du nombre d\u2019enfants.<br \/>\nDans ce cas : \u2013 6 \u00e0 8ans : 1h plus t\u00f4t que dans l\u2019horaire pr\u00e9sent\u00e9.<br \/>\n\u2013 8 \u00e0 10 ans : cfr horaire pr\u00e9sent\u00e9.<\/p>\n<p>Les cours se donnent \u00e0 Braine l\u2019Alleud :<\/p>\n<p>\u2013 Le lundi : Hall Omnisports G.Reiff, rue Ernest Laurent<br \/>\n\u2013 Le jeudi :Coll\u00e8ge cardinal Mercier, 83, ch\u00e9e de Mont St Jean<br \/>\n\u2013 Les mardi, mercredi Dojo , rue de la Gare, 76<br \/>\net vendredi : \u00e0 Braine-l\u2019Alleud ( Sart- Moulin)<\/p>\n<p>Tarifs :<\/p>\n<p>\u2013 Licence assurance F\u00e9d\u00e9ration Francophone Belge de Judo : 44 \u20ac par an<\/p>\n<p>\u2013 Cotisation club :<br \/>\n100 \u20ac par semestre ( 5 mois )<br \/>\n160 \u20ac par an ( 10 mois)<br \/>\n120 \u20ac par an : psychomotricit\u00e9, v\u00e9t\u00e9rans 1x\/sem., ceintures noires.<\/p>\n<p>R\u00e9duction \u00e0 partir du deuxi\u00e8me enfant de la m\u00eame famille.<\/p>\n<p>On accepte les d\u00e9butants toute l\u2019ann\u00e9e (sauf en mai et juin) avec 1 s\u00e9ance d\u2019essai gratuite.<\/p>\n<p>Editeur responsable : Sakura J.C<\/p>\n","protected":false},"excerpt":{"rendered":"<p>Bonjour \u00e0 toutes et \u00e0 tous. Comme chaque ann\u00e9e nous reprenons nos activit\u00e9s d\u00e8s le 1\u00b0 septembre. Nous reprenons donc avec les +14 ans ce mardi et mercredi 2 septembre [&hellip;]<\/p>\n","protected":false},"author":3,"featured_media":0,"comment_status":"open","ping_status":"open","sticky":false,"template":"","format":"standard","meta":{"footnotes":""},"categories":[1],"tags":[],"class_list":["post-496","post","type-post","status-publish","format-standard","hentry","category-non-classe"],"_links":{"self":[{"href":"https:\/\/www.judosakurabraine.be\/index.php\/wp-json\/wp\/v2\/posts\/496","targetHints":{"allow":["GET"]}}],"collection":[{"href":"https:\/\/www.judosakurabraine.be\/index.php\/wp-json\/wp\/v2\/posts"}],"about":[{"href":"https:\/\/www.judosakurabraine.be\/index.php\/wp-json\/wp\/v2\/types\/post"}],"author":[{"embeddable":true,"href":"https:\/\/www.judosakurabraine.be\/index.php\/wp-json\/wp\/v2\/users\/3"}],"replies":[{"embeddable":true,"href":"https:\/\/www.judosakurabraine.be\/index.php\/wp-json\/wp\/v2\/comments?post=496"}],"version-history":[{"count":2,"href":"https:\/\/www.judosakurabraine.be\/index.php\/wp-json\/wp\/v2\/posts\/496\/revisions"}],"predecessor-version":[{"id":499,"href":"https:\/\/www.judosakurabraine.be\/index.php\/wp-json\/wp\/v2\/posts\/496\/revisions\/499"}],"wp:attachment":[{"href":"https:\/\/www.judosakurabraine.be\/index.php\/wp-json\/wp\/v2\/media?parent=496"}],"wp:term":[{"taxonomy":"category","embeddable":true,"href":"https:\/\/www.judosakurabraine.be\/index.php\/wp-json\/wp\/v2\/categories?post=496"},{"taxonomy":"post_tag","embeddable":true,"href":"https:\/\/www.judosakurabraine.be\/index.php\/wp-json\/wp\/v2\/tags?post=496"}],"curies":[{"name":"wp","href":"https:\/\/api.w.org\/{rel}","templated":true}]}}