{"id":475,"date":"2020-06-12T11:37:56","date_gmt":"2020-06-12T09:37:56","guid":{"rendered":"http:\/\/www.judosakurabraine.be\/?p=475"},"modified":"2020-06-12T11:37:58","modified_gmt":"2020-06-12T09:37:58","slug":"le-sakura-braine-et-la-reprise-du-judo","status":"publish","type":"post","link":"https:\/\/www.judosakurabraine.be\/index.php\/2020\/06\/12\/le-sakura-braine-et-la-reprise-du-judo\/","title":{"rendered":"Le Sakura Braine et la reprise du judo"},"content":{"rendered":"<p>Le Sakura Braine et le Covid-19 : suite<\/p>\n<p>Chers judokas, chers parents,<\/p>\n<p>A l\u2019\u00e9coute des derni\u00e8res mesures du CNS, nous allons vers une reprise des sports en g\u00e9n\u00e9ral mais avec des cas particuliers \u00e0 partir de ce 8 juin pour certains sports dits de contact comme le judo, la boxe, le volley et le basket.<br \/>\nLes normes de reprise restent floues et compliqu\u00e9es pour notre sport :<br \/>\n&#8211;\tPort du masque pour les + 12 ans : oui \u00e0 l\u2019arriv\u00e9e dans le club, en sachant que pratiquer un sport masqu\u00e9 n\u2019est pas \u00e9vident et que de plus il perd toute efficacit\u00e9 quand il est mouill\u00e9 de transpiration. Donc distanciation sociale de 1m50 : pas facile pour un sport de contact\u2026 ou travail seul avec \u00e9lastique ou conditionnement physique.<br \/>\n&#8211;\tPas de masque pour les -12 ans mais bien pour LE parent qui le d\u00e9pose (et pas 2 parents) ainsi que pour l\u2019enseignant.<br \/>\n&#8211;\tD\u00e9sinfection des mains \u00e0 l\u2019entr\u00e9e et aux toilettes pour tout le monde.<br \/>\n&#8211;\tD\u00e9sinfection des mains et des pieds pour le judoka avant et apr\u00e8s l\u2019entra\u00eenement.  D\u00e9sinfection quotidienne du tatami.<br \/>\n&#8211;\tAcc\u00e8s aux vestiaires \u00e0 partir du 1\u00b0 juillet et les v\u00eatements doivent rest\u00e9s enferm\u00e9s dans le sac de sport au bord du tatami afin de ne pas m\u00e9langer les v\u00eatements.  En juin, il faudrait donc arriver habiller de son judogi, puisque pas d\u2019acc\u00e8s aux vestiaires.<br \/>\n&#8211;\t10m\u00b2 par personne en juin, soit chez nous = 10 judokas ! En juillet, 20 personnes maximum dans notre salle et le professeur.<br \/>\n&#8211;\tNormes Horeca pour l\u2019acc\u00e8s \u00e0 la caf\u00e9t\u00e9ria.<br \/>\nComme vous le constatez, ce n\u2019est pas simple, toujours tr\u00e8s flou et il faut rester prudent tant que les normes ne sont pas plus pr\u00e9cises \u00e0 l\u2019heure actuelle pour la pratique de notre sport.<br \/>\nAu 1\u00b0 juillet, reprise \u00ab normale \u00bb \u2026 mais qu\u2019est-ce que veut dire \u00ab normal \u00bb dans un contexte anormal ?  L\u00e0 aussi, nous attendrons des recommandations plus pr\u00e9cises afin de rester prudent mais nous pouvons vous annoncer que nous ferons le maximum pour reprendre le 1\u00b0 juillet et donner la possibilit\u00e9 \u00e0 chacune et chacun qui le souhaitent de remonter sur le tatami et pouvoir faire sa r\u00e9vision technique dans le but de passer son grade pr\u00e9vu en juin.<\/p>\n<p>Je serai pr\u00e9sent pour aider tous ces judokas \u00e0 se pr\u00e9parer au mieux.  Il faudra peut-\u00eatre s\u2019inscrire pour ne pas \u00eatre trop nombreux et nous ferons peut-\u00eatre une tournante ou plusieurs cours avec 15\u2019 de battement entre les cours ; ces pr\u00e9cisions vous parviendront d\u00e8s que possible.  Vous pouvez d\u2019ores et d\u00e9j\u00e0 marquer votre int\u00e9r\u00eat en r\u00e9pondant \u00e0 ce mail afin de cr\u00e9er des listes de participants potentiels.<br \/>\nEn tout cas, nous pensons que reprendre en juillet et en ao\u00fbt les mercredi et vendredi de 18 \u00e0 19h pour les \u2013 12 ans et de 19h15 \u00e0 20h15 pour les + 12 ans nous semblent envisageable pour compenser le temps perdu.  Les modalit\u00e9s de participation vous seront communiqu\u00e9es ult\u00e9rieurement.<br \/>\nJ\u2019esp\u00e8re ainsi rejoindre l\u2019envie de beaucoup de nos judokas de renouer avec le tatami.<br \/>\nNos stages d\u2019\u00e9t\u00e9 pr\u00e9vus les 20 au 24 juillet et les 24 au 28 ao\u00fbt auront lieu avec des conditions sp\u00e9ciales de participation.  L\u00e0 aussi, elles seront pr\u00e9cis\u00e9es aux participants avant le d\u00e9but du stage.  Vous pouvez donc vous y inscrire sans probl\u00e8me d\u00e8s \u00e0 pr\u00e9sent \u00e0 l\u2019aide du formulaire en pi\u00e8ce jointe ou via notre site internet www.judosakurabraine.be<br \/>\nNous vous souhaitons une bonne reprise pour celles et ceux que je verrai cet \u00e9t\u00e9 et au plaisir aussi de revoir enfin les autres d\u00e8s le d\u00e9but de septembre.<br \/>\nVotre pr\u00e9sident et professeur.<br \/>\nDidier Saublen<\/p>\n","protected":false},"excerpt":{"rendered":"<p>Le Sakura Braine et le Covid-19 : suite Chers judokas, chers parents, A l\u2019\u00e9coute des derni\u00e8res mesures du CNS, nous allons vers une reprise des sports en g\u00e9n\u00e9ral mais avec [&hellip;]<\/p>\n","protected":false},"author":3,"featured_media":0,"comment_status":"open","ping_status":"open","sticky":false,"template":"","format":"standard","meta":{"footnotes":""},"categories":[1],"tags":[],"class_list":["post-475","post","type-post","status-publish","format-standard","hentry","category-non-classe"],"_links":{"self":[{"href":"https:\/\/www.judosakurabraine.be\/index.php\/wp-json\/wp\/v2\/posts\/475","targetHints":{"allow":["GET"]}}],"collection":[{"href":"https:\/\/www.judosakurabraine.be\/index.php\/wp-json\/wp\/v2\/posts"}],"about":[{"href":"https:\/\/www.judosakurabraine.be\/index.php\/wp-json\/wp\/v2\/types\/post"}],"author":[{"embeddable":true,"href":"https:\/\/www.judosakurabraine.be\/index.php\/wp-json\/wp\/v2\/users\/3"}],"replies":[{"embeddable":true,"href":"https:\/\/www.judosakurabraine.be\/index.php\/wp-json\/wp\/v2\/comments?post=475"}],"version-history":[{"count":2,"href":"https:\/\/www.judosakurabraine.be\/index.php\/wp-json\/wp\/v2\/posts\/475\/revisions"}],"predecessor-version":[{"id":479,"href":"https:\/\/www.judosakurabraine.be\/index.php\/wp-json\/wp\/v2\/posts\/475\/revisions\/479"}],"wp:attachment":[{"href":"https:\/\/www.judosakurabraine.be\/index.php\/wp-json\/wp\/v2\/media?parent=475"}],"wp:term":[{"taxonomy":"category","embeddable":true,"href":"https:\/\/www.judosakurabraine.be\/index.php\/wp-json\/wp\/v2\/categories?post=475"},{"taxonomy":"post_tag","embeddable":true,"href":"https:\/\/www.judosakurabraine.be\/index.php\/wp-json\/wp\/v2\/tags?post=475"}],"curies":[{"name":"wp","href":"https:\/\/api.w.org\/{rel}","templated":true}]}}