{"id":469,"date":"2020-05-20T13:39:15","date_gmt":"2020-05-20T11:39:15","guid":{"rendered":"http:\/\/www.judosakurabraine.be\/?p=469"},"modified":"2020-05-20T13:39:17","modified_gmt":"2020-05-20T11:39:17","slug":"le-sakura-braine-et-le-covid-19","status":"publish","type":"post","link":"https:\/\/www.judosakurabraine.be\/index.php\/2020\/05\/20\/le-sakura-braine-et-le-covid-19\/","title":{"rendered":"Le Sakura Braine et le Covid-19"},"content":{"rendered":"<p>Braine-l\u2019Alleud, le 20 mai 2020<\/p>\n<p>Le Sakura Braine et le Covid 19<\/p>\n<p>Ch\u00e8res et chers judokas,<br \/>\nChers parents,<br \/>\nCh\u00e8res amies, chers amis,<\/p>\n<p>Comme nous, vous suivez l\u2019\u00e9volution de cette pand\u00e9mie et vous \u00eates \u00e0 l\u2019\u00e9coute de notre 1\u00b0 ministre pour conna\u00eetre les conditions de sortie du confinement \u00e0 chaque conf\u00e9rence de presse. Vous aurez remarqu\u00e9 qu\u2019au niveau sportif, cela commence \u00e0 bouger mais que l\u2019\u00e9volution est \u00e9videmment plus lente que ce que nous pourrions esp\u00e9rer : ne sont concern\u00e9s pour le moment, que les sports ext\u00e9rieurs. N\u00e9anmoins, il faut bien se rendre compte que nous vivons une p\u00e9riode inconnue jusqu\u2019\u00e0 pr\u00e9sent de la plupart d\u2019entre nous, si pas la totalit\u00e9 du monde actuel. Cette p\u00e9riode engendre des mesures exceptionnelles accept\u00e9es par les uns ou r\u00e9fut\u00e9es par les autres. Il est clair de toute fa\u00e7on que la r\u00e8gle stricte de la prudence est de rigueur pour le salut de chacune et chacun au vu des inconnues de cette maladie et de son \u00e9volution toujours possible.<br \/>\nEn tant que \u00ab sport de contact \u00bb, vous aurez compris que nous ne sommes pas pr\u00eats de recommencer nos activit\u00e9s et que m\u00eame au moment o\u00f9 nous recevrons le feu vert apr\u00e8s analyse du GEES, la reprise ne se fera pas facilement et qu\u2019il faudra certainement s\u2019adapter aux recommandations des experts concernant le mode pratique de notre sport.<br \/>\nL\u2019attente de reprise est importante depuis le 13 mars o\u00f9 nous avons d\u00fb fermer nos installations et je ne vois pas personnellement une reprise avant septembre sauf si 2\u00e8me vague.<br \/>\nCet arr\u00eat plonge le club, comme beaucoup d\u2019autres, dans une situation difficile bien \u00e9videmment par le manque de rentr\u00e9es :<br \/>\n&#8211; les subsides octroy\u00e9s aux centres sportifs et f\u00e9d\u00e9rations ne concernent pas les ASBL. Nous ne devrons donc compter que sur nous-m\u00eames.<br \/>\n&#8211; plus de rentr\u00e9es au niveau du bar alors que les frais fixes continuent (loyer, facture interm\u00e9diaire d\u2019eau, de gaz et d\u2019\u00e9lectricit\u00e9) ; par ailleurs, nous ne consommons pas bien entendu.<\/p>\n<p>&#8211; pas de rentr\u00e9e en sous location \u00e0 d\u2019autre activit\u00e9 stopp\u00e9e aussi.<br \/>\n&#8211; pas d\u2019organisation de BBQ de juin cette ann\u00e9e et donc manque \u00e0 gagner. Nous esp\u00e9rons quand m\u00eame pouvoir avoir l\u2019autorisation de l\u2019organiser le samedi 26 septembre dans la rue en face du club comme \u00e0 son habitude, avec ch\u00e2teau gonflable pour les enfants. Vous recevrez d\u00e8s que possible l\u2019invitation quand nous aurons r\u00e9ponse \u00e0 l\u2019acceptation par les instances communales de notre dossier.<\/p>\n<p>&#8211; pas de stages cet \u00e9t\u00e9 sauf peut-\u00eatre en ao\u00fbt<\/p>\n<p>&#8211; \u00e9norme doute quant \u00e0 la reprise en septembre : est ce que les membres seront au rendez-vous pour la r\u00e9inscription de la \u00ab nouvelle saison \u00bb ?<\/p>\n<p>Vous aussi, vivez-vous peut \u00eatre des situations difficiles dues au confinement et \u00e0 l\u2019arr\u00eat des activit\u00e9s, certains secteurs \u00e9tant tr\u00e8s gravement touch\u00e9s; nous vous transmettons tout notre soutien moral si c\u2019est votre cas. C\u2019est pour cette raison et malgr\u00e9 les points \u00e9voqu\u00e9s ci-dessus, que le CA, \u00e0 l\u2019unanimit\u00e9, a d\u00e9cid\u00e9 de reporter \u00e0 la prochaine saison les cotisations pay\u00e9es et non utilis\u00e9es dues au confinement pour celles et ceux qui le souhaitent vraiment et qui en feront la demande au moment de la reprise. Vous comprendrez ais\u00e9ment que dans ce cas, ce n\u2019est que d\u00e9placer le probl\u00e8me de notre tr\u00e9sorerie \u00e0 plus tard.<br \/>\nPour les personnes qui ne souhaitent pas le report, nous les remercions d\u00e9j\u00e0 par avance de soutenir la vie de leur club en faisant cette preuve de solidarit\u00e9.<br \/>\nD\u00e8s que possible, nous esp\u00e9rons pouvoir revenir \u00e0 la normale en r\u00e9organisant nos cours de judo et vous inviter \u00e0 des activit\u00e9s conviviales.<br \/>\nNous restons donc dans l\u2019attente des d\u00e9cisions de notre CNS et ne manquerons pas de revenir vers vous en fonction de l\u2019\u00e9volution.<br \/>\nDe votre c\u00f4t\u00e9, n\u2019h\u00e9sitez pas \u00e0 me contacter via la bo\u00eete mail du club : info@judosakurabraine.be ou sur la mienne didier.saublen@gmail.com si vous le jugez n\u00e9cessaire.<\/p>\n<p>D\u2019ici l\u00e0, portez-vous bien et restez toujours prudents malgr\u00e9 la sortie du confinement.<\/p>\n<p>A tr\u00e8s bient\u00f4t.<\/p>\n<p>Didier Saublen<br \/>\nPr\u00e9sident du JC Sakura Braine<\/p>\n","protected":false},"excerpt":{"rendered":"<p>Braine-l\u2019Alleud, le 20 mai 2020 Le Sakura Braine et le Covid 19 Ch\u00e8res et chers judokas, Chers parents, Ch\u00e8res amies, chers amis, Comme nous, vous suivez l\u2019\u00e9volution de cette pand\u00e9mie [&hellip;]<\/p>\n","protected":false},"author":3,"featured_media":0,"comment_status":"open","ping_status":"open","sticky":false,"template":"","format":"standard","meta":{"footnotes":""},"categories":[1],"tags":[],"class_list":["post-469","post","type-post","status-publish","format-standard","hentry","category-non-classe"],"_links":{"self":[{"href":"https:\/\/www.judosakurabraine.be\/index.php\/wp-json\/wp\/v2\/posts\/469","targetHints":{"allow":["GET"]}}],"collection":[{"href":"https:\/\/www.judosakurabraine.be\/index.php\/wp-json\/wp\/v2\/posts"}],"about":[{"href":"https:\/\/www.judosakurabraine.be\/index.php\/wp-json\/wp\/v2\/types\/post"}],"author":[{"embeddable":true,"href":"https:\/\/www.judosakurabraine.be\/index.php\/wp-json\/wp\/v2\/users\/3"}],"replies":[{"embeddable":true,"href":"https:\/\/www.judosakurabraine.be\/index.php\/wp-json\/wp\/v2\/comments?post=469"}],"version-history":[{"count":2,"href":"https:\/\/www.judosakurabraine.be\/index.php\/wp-json\/wp\/v2\/posts\/469\/revisions"}],"predecessor-version":[{"id":472,"href":"https:\/\/www.judosakurabraine.be\/index.php\/wp-json\/wp\/v2\/posts\/469\/revisions\/472"}],"wp:attachment":[{"href":"https:\/\/www.judosakurabraine.be\/index.php\/wp-json\/wp\/v2\/media?parent=469"}],"wp:term":[{"taxonomy":"category","embeddable":true,"href":"https:\/\/www.judosakurabraine.be\/index.php\/wp-json\/wp\/v2\/categories?post=469"},{"taxonomy":"post_tag","embeddable":true,"href":"https:\/\/www.judosakurabraine.be\/index.php\/wp-json\/wp\/v2\/tags?post=469"}],"curies":[{"name":"wp","href":"https:\/\/api.w.org\/{rel}","templated":true}]}}