{"id":454,"date":"2020-03-13T11:05:19","date_gmt":"2020-03-13T10:05:19","guid":{"rendered":"http:\/\/www.judosakurabraine.be\/?p=454"},"modified":"2020-03-13T11:05:21","modified_gmt":"2020-03-13T10:05:21","slug":"le-sakura-braine-et-le-covid19","status":"publish","type":"post","link":"https:\/\/www.judosakurabraine.be\/index.php\/2020\/03\/13\/le-sakura-braine-et-le-covid19\/","title":{"rendered":"Le Sakura Braine et le covid19"},"content":{"rendered":"<p>Ch\u00e8res amies et chers amis, judokas et parents,<\/p>\n<p>Suite aux d\u00e9cisions hier soir du Conseil National de S\u00e9curit\u00e9 ( le CNS ) , nous devons arr\u00eater nos activit\u00e9s sportives d\u00e8s ce jour vendredi minuit et ce jusqu&rsquo;au 3 avril au moins.<br \/>\nPar mesure de pr\u00e9caution et en estimant le peu de participants de l&rsquo;entra\u00eenement de ce jour, il n&rsquo;y aura pas de judo aujourd&rsquo;hui non plus.<br \/>\nNous vous tiendrons inform\u00e9 de la suite des \u00e9v\u00e9nements et du moment o\u00f9 nous pourrons reprendre nos cours.<br \/>\nVous pouvez aussi vous inscrire sur le site www.be-alert.be. \u00ab\u00a0BE-Alert est un syst\u00e8me d&rsquo;alerte qui permet aux autorit\u00e9s de diffuser un message \u00e0 la population en situation d\u2019urgence\u00a0\u00bb.<br \/>\nVous serez ainsi mis au courant de l&rsquo;\u00e9volution de la situation.<br \/>\nJe reste \u00e0 votre enti\u00e8re disposition pour tout compl\u00e9ment d&rsquo;information.<\/p>\n<p>Sportivement v\u00f4tre,<\/p>\n<p>Didier Saublen<br \/>\nPr\u00e9sident JC Sakura Braine<\/p>\n<p>Ci-dessous copie du communiqu\u00e9 de presse du gouvernement :<\/p>\n<p>Communiqu\u00e9 de Madame la Premi\u00e8re Ministre, Sophie Wilm\u00e8s<\/p>\n<p>Coronavirus : Phase 2 maintenue, passage en phase f\u00e9d\u00e9rale et mesures additionnelles<\/p>\n<p>Comme annonc\u00e9 le 10 mars dernier, l\u2019\u00e9volution de la propagation du coronavirus est \u00e9valu\u00e9e au jour le jour. En effet, la situation sanitaire d\u2019hier n\u2019est pas celle d\u2019aujourd\u2019hui ni celle de demain. Suite aux derniers d\u00e9veloppements, le Conseil National de S\u00e9curit\u00e9 (CNS) s\u2019est r\u00e9uni le jeudi 12 mars \u00e0 la demande de la Premi\u00e8re ministre et en concertation avec les Ministres-pr\u00e9sidents. Cette r\u00e9union  du CNS a eu lieu dans la foul\u00e9e de r\u00e9unions des groupes d\u2019experts du Risk Assessment Group et du Risk Management Group.<\/p>\n<p>Il a \u00e9t\u00e9 d\u00e9cid\u00e9 de renforcer le dispositif existant par des mesures additionnelles de distanciation sociale, dans le m\u00eame objectif d\u2019endiguer la propagation de l\u2019\u00e9pid\u00e9mie. Ces mesures sont proportionnelles et orient\u00e9es vers un maximum d\u2019efficacit\u00e9. D\u2019un point de vue op\u00e9rationnel, nous passons en phase f\u00e9d\u00e9rale de gestion de crise, ce qui veut dire que toutes les d\u00e9cisions seront prises dans la cadre d\u2019une cellule de gestion compos\u00e9e notamment de la Premi\u00e8re ministre, des ministres comp\u00e9tents et des ministres- pr\u00e9sidents. Cette phase assure une meilleure coordination et information sur les mesures prises par les diff\u00e9rentes entit\u00e9s. Les mesures annonc\u00e9es sont d\u2019application sur l\u2019ensemble du territoire national.<\/p>\n<p>Tous les niveaux de pouvoir partagent la m\u00eame volont\u00e9 de mener une action, une communication et une application coh\u00e9rentes des mesures d\u00e9cid\u00e9es. Nous souhaitons qu\u2019une m\u00eame d\u00e9cision soit appliqu\u00e9e partout de la m\u00eame mani\u00e8re. L\u2019objectif prioritaire \u00e9tant la pr\u00e9servation de la sant\u00e9 publique.<\/p>\n<p>Ces mesures seront d\u2019application \u00e0 partir de vendredi minuit jusqu\u2019au 3 avril inclus. Comme pr\u00e9c\u00e9demment, l\u2019\u00e9volution de la situation continuera \u00e0 \u00eatre \u00e9valu\u00e9e au jour le jour.<\/p>\n<p>Concernant les \u00e9coles :<\/p>\n<p>Concernant les \u00e9coles, les le\u00e7ons sont suspendues. Il sera organis\u00e9 une garde d\u2019enfant au moins pour les enfants du personnel m\u00e9dical et de soins de sant\u00e9 et des d\u00e9partements d\u2019autorit\u00e9 (s\u00e9curit\u00e9 publique). Pour les enfants dont il n\u2019est pas possible d\u2019assurer une garde autre que par les personnes \u00e2g\u00e9es, les parents pourront aussi trouver une solution dans les \u00e9coles.<br \/>\nLes cr\u00e8ches restent ouvertes.<br \/>\nDans le cas des hautes \u00e9coles et universit\u00e9s, il est recommand\u00e9 de d\u00e9velopper des modules de cours \u00e0 distance. Ces \u00e9coles ne sont donc pas ferm\u00e9es mais invit\u00e9es \u00e0 mettre en place des alternatives aux cours traditionnels en amphith\u00e9\u00e2tre ou en endroit confin\u00e9 ;<\/p>\n<p>Concernant les commerces et les activit\u00e9s dites r\u00e9cr\u00e9atives (sportives, culturelles, folkloriques, etc) :<\/p>\n<p>Toutes ces activit\u00e9s sont annul\u00e9es, peu importe leur taille et leur caract\u00e8re public ou priv\u00e9.<br \/>\nEntre autres, les discoth\u00e8ques, caf\u00e9s et restaurants sont ferm\u00e9s ;<br \/>\nLes h\u00f4tels restent ouverts sauf leur \u00e9ventuel restaurant ;<br \/>\nLa livraison \u00e0 domicile et le drive-in sont permis ;<br \/>\nLes commerces restent ouverts toute la semaine sauf le weekend ;<br \/>\nLes magasins d\u2019alimentation et les pharmacies restent quant \u00e0 eux ouverts normalement (weekend compris). N\u00e9anmoins, il leur est recommand\u00e9 d\u2019augmenter les mesures d\u2019hygi\u00e8ne sur base des recommandations d\u00e9j\u00e0 formul\u00e9es.<\/p>\n<p>Concernant le travail :<\/p>\n<p>Le travail doit se poursuivre dans la mesure du possible mais le t\u00e9l\u00e9travail doit \u00eatre privil\u00e9gi\u00e9 et, si n\u00e9cessaire renforc\u00e9.<\/p>\n<p>Concernant les transports en commun :<\/p>\n<p>Les transports en commun circulent normalement mais il est demand\u00e9 de se limiter aux d\u00e9placements indispensables. Les horaires d\u00e9cal\u00e9s permettront de ne pas congestionner les transports en commun.<\/p>\n<p>A noter que ces mesures viennent s\u2019ajouter \u00e0 celles formul\u00e9es pr\u00e9c\u00e9demment. Nous restons en phase 2 renforc\u00e9e.<\/p>\n<p>Nous sommes bien conscients que ces d\u00e9cisions auront un impact pour l\u2019\u00e9conomie, et particuli\u00e8rement pour certains secteurs.<\/p>\n<p>Dans ce cadre, le 6 mars dernier, le Conseil des ministres avait adopt\u00e9 dix mesures de soutien aux entreprises, \u00e0 savoir :<\/p>\n<p>1. Ch\u00f4mage temporaire pour force majeure<\/p>\n<p>2. Ch\u00f4mage temporaire pour raisons \u00e9conomiques<\/p>\n<p>3. Plan de paiement pour les cotisations sociales patronales<\/p>\n<p>4. Plan de paiement sur la TVA<\/p>\n<p>5. Plan de paiement pour le pr\u00e9compte professionnel<\/p>\n<p>6. Plan de paiement pour l&rsquo;imp\u00f4t des personnes physiques \/ l\u2019imp\u00f4t des soci\u00e9t\u00e9s<\/p>\n<p>7. R\u00e9duction des paiements anticip\u00e9s des ind\u00e9pendants<\/p>\n<p>8. Report ou dispense de paiement des cotisations sociales des ind\u00e9pendants<\/p>\n<p>9. Obtention d\u2019un revenu de remplacement en faveur des ind\u00e9pendants (droit passerelle)<\/p>\n<p>10. Flexibilit\u00e9 dans l\u2019ex\u00e9cution des march\u00e9s publics f\u00e9d\u00e9raux<\/p>\n<p>Ces mesures seront constamment \u00e9valu\u00e9es afin de les renforcer, le cas \u00e9ch\u00e9ant.<\/p>\n<p>Enfin, nous rappelons que les mesures d\u2019hygi\u00e8ne de base restent d\u2019actualit\u00e9, \u00e0 savoir le fait de se laver les mains avec du savon, tousser et \u00e9ternuer dans son coude et \u00e9viter les contacts rapproch\u00e9s. Si vous avez le moindre doute, vous \u00eates invit\u00e9s \u00e0 consulter votre m\u00e9decin. Chacun doit contribuer \u00e0 limiter la propagation du virus.<\/p>\n<p>&#8212;&#8212;&#8212;&#8212;&#8212;&#8212;&#8212;&#8212;&#8212;&#8212;&#8212;&#8212;&#8212;&#8212;&#8212;&#8212;&#8212;&#8212;-<\/p>\n<p>Plus de d\u00e9tails sur l\u2019application de ces diff\u00e9rentes mesures seront communiqu\u00e9s dans les heures qui viennent.<\/p>\n<p>Vous pourrez les retrouver sur le site de r\u00e9f\u00e9rence : www.info-coronavirus.be\/fr<\/p>\n<p>Pour tous les citoyens ayant des questions, les num\u00e9ros de t\u00e9l\u00e9phone suivants sont \u00e9galement accessibles :<\/p>\n<p>&#8211; Pour les questions relatives \u00e0 la Sant\u00e9  ou \u00e0 l\u2019ordre public : 0800\/14.689<\/p>\n<p>&#8211; Pour celles relatives \u00e0 l\u2019Economie : 0800\/120.33<\/p>\n","protected":false},"excerpt":{"rendered":"<p>Ch\u00e8res amies et chers amis, judokas et parents, Suite aux d\u00e9cisions hier soir du Conseil National de S\u00e9curit\u00e9 ( le CNS ) , nous devons arr\u00eater nos activit\u00e9s sportives d\u00e8s [&hellip;]<\/p>\n","protected":false},"author":3,"featured_media":0,"comment_status":"open","ping_status":"open","sticky":false,"template":"","format":"standard","meta":{"footnotes":""},"categories":[1],"tags":[],"class_list":["post-454","post","type-post","status-publish","format-standard","hentry","category-non-classe"],"_links":{"self":[{"href":"https:\/\/www.judosakurabraine.be\/index.php\/wp-json\/wp\/v2\/posts\/454","targetHints":{"allow":["GET"]}}],"collection":[{"href":"https:\/\/www.judosakurabraine.be\/index.php\/wp-json\/wp\/v2\/posts"}],"about":[{"href":"https:\/\/www.judosakurabraine.be\/index.php\/wp-json\/wp\/v2\/types\/post"}],"author":[{"embeddable":true,"href":"https:\/\/www.judosakurabraine.be\/index.php\/wp-json\/wp\/v2\/users\/3"}],"replies":[{"embeddable":true,"href":"https:\/\/www.judosakurabraine.be\/index.php\/wp-json\/wp\/v2\/comments?post=454"}],"version-history":[{"count":2,"href":"https:\/\/www.judosakurabraine.be\/index.php\/wp-json\/wp\/v2\/posts\/454\/revisions"}],"predecessor-version":[{"id":457,"href":"https:\/\/www.judosakurabraine.be\/index.php\/wp-json\/wp\/v2\/posts\/454\/revisions\/457"}],"wp:attachment":[{"href":"https:\/\/www.judosakurabraine.be\/index.php\/wp-json\/wp\/v2\/media?parent=454"}],"wp:term":[{"taxonomy":"category","embeddable":true,"href":"https:\/\/www.judosakurabraine.be\/index.php\/wp-json\/wp\/v2\/categories?post=454"},{"taxonomy":"post_tag","embeddable":true,"href":"https:\/\/www.judosakurabraine.be\/index.php\/wp-json\/wp\/v2\/tags?post=454"}],"curies":[{"name":"wp","href":"https:\/\/api.w.org\/{rel}","templated":true}]}}