{"id":430,"date":"2019-07-17T10:42:22","date_gmt":"2019-07-17T08:42:22","guid":{"rendered":"http:\/\/www.judosakurabraine.be\/?p=430"},"modified":"2019-07-17T10:42:22","modified_gmt":"2019-07-17T08:42:22","slug":"informations-pratiques","status":"publish","type":"post","link":"https:\/\/www.judosakurabraine.be\/index.php\/2019\/07\/17\/informations-pratiques\/","title":{"rendered":"Informations pratiques"},"content":{"rendered":"<p>INFORMATIONS PRATIQUES<\/p>\n<p>SAISON 2019 &#8211; 2020<\/p>\n<p>Directeur technique: Didier SAUBLEN, 7\u00b0 Dan, licenci\u00e9 en \u00e9ducation physique, Agr\u00e9g\u00e9 ESS, moniteur ADEPS et post moniteur MCP.<\/p>\n<p>Professeurs et assistants:<br \/>\nVanessa Detiste, 1\u00b0 Dan, moniteur-initiateur ADEPS, arbitre provinciale,<br \/>\nResponsable du cours psychomotricit\u00e9<br \/>\nRen\u00e9 Meert, 1\u00b0 Dan, moniteur-initiateur ADEPS, arbitre provincial<br \/>\nChristophe Meert, 1\u00b0 Dan, moniteur-initiateur ADEPS Champion de Belgique, ex-international<br \/>\nVal\u00e9rie Degrijse, 1\u00b0 Dan, r\u00e9gente en \u00e9ducation physique, Championne de Belgique, ex-internationale<br \/>\nMarc Bourguignon, 1\u00b0Dan, r\u00e9gent en \u00e9ducation physique<br \/>\nDidier Vilain, 1\u00b0 kyu, arbitre provincial<\/p>\n<p>Pr\u00e9sident : Didier Saublen t\u00e9l. : 0477 406 817<\/p>\n<p>Horaires :<\/p>\n<p>Lundi : 17h15 \u00e0 18h00 : Psychomotricit\u00e9 judo 4 et 5 ans<br \/>\n18h00 \u00e0 19h00 : Judo 6 \u00e0 10 ans<\/p>\n<p>Mardi : 19h00 \u00e0 20h30 : + 14 ans<\/p>\n<p>Mercredi *17h00 \u00e0 18h00 : 6 \u00e0 10 ans<br \/>\n18h00 \u00e0 19h00 : 10 \u00e0 14 ans<br \/>\n19h00 \u00e0 20h30 : Cours kata et technique<br \/>\n+V\u00e9t\u00e9rans 35 ans minimum<\/p>\n<p>Vendredi *18h00 \u00e0 19h00 : 6 \u00e0 10 ans<br \/>\n19h00 \u00e0 20h00 : 10 \u00e0 14 ans<br \/>\n20h00 \u00e0 21h30 : + 14 ans<\/p>\n<p>* Ce cours pourrait \u00eatre d\u00e9doubl\u00e9 en fonction du nombre d\u2019enfants.<br \/>\nDans ce cas :<br \/>\n&#8211; 6 \u00e0 8ans : 1h plus t\u00f4t que dans l\u2019horaire pr\u00e9sent\u00e9.<br \/>\n&#8211; 8 \u00e0 10 ans : cfr horaire pr\u00e9sent\u00e9.<\/p>\n<p>Les cours se donnent :<\/p>\n<p>&#8211; Les lundi: Hall Omnisports G.Reiff,<br \/>\nrue Ernest Laurent \u00e0 Braine-l&rsquo;Alleud<\/p>\n<p>&#8211; Les mardi, mercredi et vendredi : Dojo<br \/>\nrue de la Gare,76 \u00e0 Braine-l&rsquo;Alleud ( Sart- Moulin)<\/p>\n<p>Tarifs :<\/p>\n<p>&#8211; Licence assurance F\u00e9d\u00e9ration Francophone Belge de<br \/>\nJudo : 44 \u20ac par an<\/p>\n<p>&#8211; Cotisation club :<br \/>\n100 \u20ac par semestre ( 5 mois )<br \/>\n160 \u20ac par an ( 10 mois)<br \/>\n120 \u20ac par an : psychomotricit\u00e9, v\u00e9t\u00e9rans 1x\/sem., ceintures noires.<\/p>\n","protected":false},"excerpt":{"rendered":"<p>INFORMATIONS PRATIQUES SAISON 2019 &#8211; 2020 Directeur technique: Didier SAUBLEN, 7\u00b0 Dan, licenci\u00e9 en \u00e9ducation physique, Agr\u00e9g\u00e9 ESS, moniteur ADEPS et post moniteur MCP. Professeurs et assistants: Vanessa Detiste, 1\u00b0 [&hellip;]<\/p>\n","protected":false},"author":3,"featured_media":0,"comment_status":"open","ping_status":"open","sticky":false,"template":"","format":"standard","meta":{"footnotes":""},"categories":[1],"tags":[],"class_list":["post-430","post","type-post","status-publish","format-standard","hentry","category-non-classe"],"_links":{"self":[{"href":"https:\/\/www.judosakurabraine.be\/index.php\/wp-json\/wp\/v2\/posts\/430","targetHints":{"allow":["GET"]}}],"collection":[{"href":"https:\/\/www.judosakurabraine.be\/index.php\/wp-json\/wp\/v2\/posts"}],"about":[{"href":"https:\/\/www.judosakurabraine.be\/index.php\/wp-json\/wp\/v2\/types\/post"}],"author":[{"embeddable":true,"href":"https:\/\/www.judosakurabraine.be\/index.php\/wp-json\/wp\/v2\/users\/3"}],"replies":[{"embeddable":true,"href":"https:\/\/www.judosakurabraine.be\/index.php\/wp-json\/wp\/v2\/comments?post=430"}],"version-history":[{"count":2,"href":"https:\/\/www.judosakurabraine.be\/index.php\/wp-json\/wp\/v2\/posts\/430\/revisions"}],"predecessor-version":[{"id":433,"href":"https:\/\/www.judosakurabraine.be\/index.php\/wp-json\/wp\/v2\/posts\/430\/revisions\/433"}],"wp:attachment":[{"href":"https:\/\/www.judosakurabraine.be\/index.php\/wp-json\/wp\/v2\/media?parent=430"}],"wp:term":[{"taxonomy":"category","embeddable":true,"href":"https:\/\/www.judosakurabraine.be\/index.php\/wp-json\/wp\/v2\/categories?post=430"},{"taxonomy":"post_tag","embeddable":true,"href":"https:\/\/www.judosakurabraine.be\/index.php\/wp-json\/wp\/v2\/tags?post=430"}],"curies":[{"name":"wp","href":"https:\/\/api.w.org\/{rel}","templated":true}]}}