{"id":1350,"date":"2026-03-13T11:11:05","date_gmt":"2026-03-13T10:11:05","guid":{"rendered":"https:\/\/www.judosakurabraine.be\/?p=1350"},"modified":"2026-03-13T12:39:23","modified_gmt":"2026-03-13T11:39:23","slug":"stages-ete-2026-pour-enfant-de-6-a-15-ans","status":"publish","type":"post","link":"https:\/\/www.judosakurabraine.be\/index.php\/2026\/03\/13\/stages-ete-2026-pour-enfant-de-6-a-15-ans\/","title":{"rendered":"Stages \u00e9t\u00e9 2026 pour enfant de 6 \u00e0 16 ANS"},"content":{"rendered":"<p><strong>Deux stages de judo pendant les vacances d\u2019\u00e9t\u00e9 pour nos jeunes judokas de 6 \u00e0 16 ans\u00a0<\/strong>seront organis\u00e9s au Dojo du Sakura Braine, rue de la Gare, n\u00b0 76.<\/p>\n<ul>\n<li>Du lundi 6 au vendredi 10 juillet 2026<\/li>\n<li>Du lundi 17 au vendredi 21 ao\u00fbt 2026<\/li>\n<\/ul>\n<p>Initiation judo pour les 6 \u00e0 9 ans et perfectionnement judo pour les 10 \u00e0 16 ans<\/p>\n<p>Activit\u00e9 VTT perfectionnement en compl\u00e9ment<\/p>\n<p>COMBIEN ??? 100 \u20ac<\/p>\n<p>A payer en m\u00eame temps que la remise du talon d&rsquo;inscription. (Formulaire ci-dessous).<br \/>\nl\u2019inscription ne sera valable que si ces 2 r\u00e8gles sont respect\u00e9es).<\/p>\n<p>Aucun remboursement ne sera fait en cas d\u2019annulation 15 jours avant le d\u00e9but de l\u2019activit\u00e9, 50% si annulation 30 jours avant.<br \/>\n(INSCRIPTION VALABLE APRES PAIEMENT POUR LE 10 JUIN DATE LIMITE !!!)<\/p>\n<p>R\u00e9duction de 5\u20ac pour le 2\u00b0 enfant.<\/p>\n<p>&#8211; Le midi, un potage sera servi aux enfants qui se muniront de leur pique-nique.<br \/>\n&#8211; Pr\u00e9voir un jeu de soci\u00e9t\u00e9 pour la r\u00e9cr\u00e9ation du matin et du midi.<br \/>\n&#8211; Les enfants seront d\u00e9pos\u00e9s pour 9h pr\u00e9cise et repris \u00e0 16h pr\u00e9cise au dojo, rue de la Gare.\u00a0 En dehors de ces heures, une garderie sera comptabilis\u00e9e (inscription pr\u00e9alable souhait\u00e9e) : de 7 \u00e0 9h et de 16 \u00e0 18h (2\u20ac par heure entam\u00e9e).<\/p>\n<p>Pri\u00e8re de se munir de son judogi, de son pique-nique, d\u2019un jeu de soci\u00e9t\u00e9, d\u2019une tenue sportive, d\u2019un K-WAY, d\u2019un v\u00e9lo r\u00e9vis\u00e9 et en bon \u00e9tat (qui sera d\u00e9pos\u00e9 le lundi matin et repris le vendredi en fin de stage) avec un casque, une vareuse fluo et des chaussures de sport, veste de pluie le cas \u00e9ch\u00e9ant.<\/p>\n<p>Les stages ne seront organis\u00e9s que s\u2019il y a au moins 10 participants !!!<\/p>\n<p>Lien vers le formulaire d&rsquo;inscription :\u00a0\u00a0<a href=\"https:\/\/www.judosakurabraine.be\/wp-content\/uploads\/2026\/03\/STAGES-DETE-2026.pdf\">STAGES D&rsquo;ETE 2026<\/a><\/p>\n","protected":false},"excerpt":{"rendered":"<p>Deux stages de judo pendant les vacances d\u2019\u00e9t\u00e9 pour nos jeunes judokas de 6 \u00e0 16 ans\u00a0seront organis\u00e9s au Dojo du Sakura Braine, rue de la Gare, n\u00b0 76. Du [&hellip;]<\/p>\n","protected":false},"author":6,"featured_media":0,"comment_status":"open","ping_status":"open","sticky":false,"template":"","format":"standard","meta":{"footnotes":""},"categories":[22,5],"tags":[],"class_list":["post-1350","post","type-post","status-publish","format-standard","hentry","category-notre-club","category-stage"],"_links":{"self":[{"href":"https:\/\/www.judosakurabraine.be\/index.php\/wp-json\/wp\/v2\/posts\/1350","targetHints":{"allow":["GET"]}}],"collection":[{"href":"https:\/\/www.judosakurabraine.be\/index.php\/wp-json\/wp\/v2\/posts"}],"about":[{"href":"https:\/\/www.judosakurabraine.be\/index.php\/wp-json\/wp\/v2\/types\/post"}],"author":[{"embeddable":true,"href":"https:\/\/www.judosakurabraine.be\/index.php\/wp-json\/wp\/v2\/users\/6"}],"replies":[{"embeddable":true,"href":"https:\/\/www.judosakurabraine.be\/index.php\/wp-json\/wp\/v2\/comments?post=1350"}],"version-history":[{"count":4,"href":"https:\/\/www.judosakurabraine.be\/index.php\/wp-json\/wp\/v2\/posts\/1350\/revisions"}],"predecessor-version":[{"id":1356,"href":"https:\/\/www.judosakurabraine.be\/index.php\/wp-json\/wp\/v2\/posts\/1350\/revisions\/1356"}],"wp:attachment":[{"href":"https:\/\/www.judosakurabraine.be\/index.php\/wp-json\/wp\/v2\/media?parent=1350"}],"wp:term":[{"taxonomy":"category","embeddable":true,"href":"https:\/\/www.judosakurabraine.be\/index.php\/wp-json\/wp\/v2\/categories?post=1350"},{"taxonomy":"post_tag","embeddable":true,"href":"https:\/\/www.judosakurabraine.be\/index.php\/wp-json\/wp\/v2\/tags?post=1350"}],"curies":[{"name":"wp","href":"https:\/\/api.w.org\/{rel}","templated":true}]}}