{"id":1097,"date":"2024-10-15T18:21:34","date_gmt":"2024-10-15T16:21:34","guid":{"rendered":"https:\/\/www.judosakurabraine.be\/?p=1097"},"modified":"2024-10-15T18:22:00","modified_gmt":"2024-10-15T16:22:00","slug":"anniversaire-des-50-ans-du-sakura-braine-judo-club","status":"publish","type":"post","link":"https:\/\/www.judosakurabraine.be\/index.php\/2024\/10\/15\/anniversaire-des-50-ans-du-sakura-braine-judo-club\/","title":{"rendered":"ANNIVERSAIRE DES 50 ANS DU SAKURA BRAINE JUDO CLUB"},"content":{"rendered":"<p>&nbsp;<\/p>\n<p><img loading=\"lazy\" decoding=\"async\" class=\"alignnone size-medium wp-image-1098\" src=\"https:\/\/www.judosakurabraine.be\/wp-content\/uploads\/2024\/10\/POCKET-1-copy-300x250.jpg\" alt=\"\" width=\"300\" height=\"250\" srcset=\"https:\/\/www.judosakurabraine.be\/wp-content\/uploads\/2024\/10\/POCKET-1-copy-300x250.jpg 300w, https:\/\/www.judosakurabraine.be\/wp-content\/uploads\/2024\/10\/POCKET-1-copy-400x334.jpg 400w, https:\/\/www.judosakurabraine.be\/wp-content\/uploads\/2024\/10\/POCKET-1-copy-430x359.jpg 430w, https:\/\/www.judosakurabraine.be\/wp-content\/uploads\/2024\/10\/POCKET-1-copy-150x125.jpg 150w, https:\/\/www.judosakurabraine.be\/wp-content\/uploads\/2024\/10\/POCKET-1-copy-100x83.jpg 100w, https:\/\/www.judosakurabraine.be\/wp-content\/uploads\/2024\/10\/POCKET-1-copy.jpg 710w\" sizes=\"auto, (max-width: 300px) 100vw, 300px\" \/><\/p>\n<div dir=\"auto\">Le judo club Sakura Braine a 50 ans depuis le 01\/01\/2024.<\/div>\n<div dir=\"auto\">Un dossier de reconnaissance est en cours d&rsquo;\u00e9laboration pour demander le titre de Royal Sakura Braine Judo Club au Palais Royal.<\/div>\n<div dir=\"auto\">Nous comptons organiser quelques activit\u00e9s pour f\u00eater cette ann\u00e9e d&rsquo;anniversaire avec tous nos membres, leurs parents, amis et surtout les anciens du Sakura Braine.<\/div>\n<div dir=\"auto\">Alors, n&rsquo;h\u00e9sitez pas \u00e0 en parler autour de vous, les anciens, afin d&rsquo;\u00eatre nombreux pour f\u00eater cela ensemble et profiter de ces occasions pour se revoir.<\/div>\n<div dir=\"auto\">Des occasions de m\u00ealer des g\u00e9n\u00e9rations, jeunes et anciens judokas, tout le monde sera le bienvenu.<\/div>\n<div dir=\"auto\">Au programme :<\/div>\n<div dir=\"auto\">&#8211; souper d\u00e9guis\u00e9 \u00ab\u00a0Royal Seventies\u00a0\u00bb le samedi 23 novembre<\/div>\n<div dir=\"auto\">&#8211; balade VTT date \u00e0 fixer<\/div>\n<div dir=\"auto\">&#8211; entrainement le vendredi toute la soir\u00e9e suivie d&rsquo;un encas<\/div>\n<div dir=\"auto\">&#8211; entrainement samedi apr\u00e8s-midi judo suivi de BBQ \/ food truck<\/div>\n<div dir=\"auto\">&#8211; &#8230;.<\/div>\n<div dir=\"auto\">Et quand nous aurons re\u00e7u le titre, il faudra encore f\u00eater cela toutes et tous ensemble. <span class=\"html-span xexx8yu x4uap5 x18d9i69 xkhd6sd x1hl2dhg x16tdsg8 x1vvkbs x3nfvp2 x1j61x8r x1fcty0u xdj266r xat24cr xgzva0m xhhsvwb xxymvpz xlup9mm x1kky2od\"><img loading=\"lazy\" decoding=\"async\" class=\"xz74otr\" src=\"https:\/\/static.xx.fbcdn.net\/images\/emoji.php\/v9\/t57\/1\/16\/1f609.png\" alt=\"\" width=\"16\" height=\"16\" \/><\/span><\/div>\n<div dir=\"auto\">Si vous avez des photos du pass\u00e9, cela m&rsquo;int\u00e9resse afin de faire une projection lors de ces activit\u00e9s et en faire profiter tout le monde.<\/div>\n<div dir=\"auto\">Au plaisir de se revoir.<\/div>\n<div dir=\"auto\">Pour le comit\u00e9 du Sakura Braine<\/div>\n<div dir=\"auto\">Didier Saublen<\/div>\n<div dir=\"auto\">Pr\u00e9sident<\/div>\n","protected":false},"excerpt":{"rendered":"<p>&nbsp; Le judo club Sakura Braine a 50 ans depuis le 01\/01\/2024. Un dossier de reconnaissance est en cours d&rsquo;\u00e9laboration pour demander le titre de Royal Sakura Braine Judo Club [&hellip;]<\/p>\n","protected":false},"author":3,"featured_media":0,"comment_status":"open","ping_status":"open","sticky":false,"template":"","format":"standard","meta":{"footnotes":""},"categories":[1],"tags":[],"class_list":["post-1097","post","type-post","status-publish","format-standard","hentry","category-non-classe"],"_links":{"self":[{"href":"https:\/\/www.judosakurabraine.be\/index.php\/wp-json\/wp\/v2\/posts\/1097","targetHints":{"allow":["GET"]}}],"collection":[{"href":"https:\/\/www.judosakurabraine.be\/index.php\/wp-json\/wp\/v2\/posts"}],"about":[{"href":"https:\/\/www.judosakurabraine.be\/index.php\/wp-json\/wp\/v2\/types\/post"}],"author":[{"embeddable":true,"href":"https:\/\/www.judosakurabraine.be\/index.php\/wp-json\/wp\/v2\/users\/3"}],"replies":[{"embeddable":true,"href":"https:\/\/www.judosakurabraine.be\/index.php\/wp-json\/wp\/v2\/comments?post=1097"}],"version-history":[{"count":1,"href":"https:\/\/www.judosakurabraine.be\/index.php\/wp-json\/wp\/v2\/posts\/1097\/revisions"}],"predecessor-version":[{"id":1099,"href":"https:\/\/www.judosakurabraine.be\/index.php\/wp-json\/wp\/v2\/posts\/1097\/revisions\/1099"}],"wp:attachment":[{"href":"https:\/\/www.judosakurabraine.be\/index.php\/wp-json\/wp\/v2\/media?parent=1097"}],"wp:term":[{"taxonomy":"category","embeddable":true,"href":"https:\/\/www.judosakurabraine.be\/index.php\/wp-json\/wp\/v2\/categories?post=1097"},{"taxonomy":"post_tag","embeddable":true,"href":"https:\/\/www.judosakurabraine.be\/index.php\/wp-json\/wp\/v2\/tags?post=1097"}],"curies":[{"name":"wp","href":"https:\/\/api.w.org\/{rel}","templated":true}]}}